[{"@context":"https:\/\/schema.org\/","@type":"Article","@id":"https:\/\/www.rasheeba.cz\/dane-aneb-bez-ceho-to-nejde\/#Article","mainEntityOfPage":"https:\/\/www.rasheeba.cz\/dane-aneb-bez-ceho-to-nejde\/","headline":"Dan\u011b aneb bez \u010deho to nejde","name":"Dan\u011b aneb bez \u010deho to nejde","description":"Dan\u011b jsou velk\u00fdm stra\u0161\u00e1kem, jsou zdrojem velk\u00fdch obav pro mnoh\u00e9 podnikatele, p\u0159itom v\u0161ak se jako tenk\u00e1 \u010derven\u00e1 nit t\u00e1hnou \u010dinnost\u00ed ka\u017ed\u00e9 pr\u00e1vnick\u00e9 \u010di fyzick\u00e9 osoby. Bez nich, respektive bez jejich&hellip;<a href=\"https:\/\/www.rasheeba.cz\/dane-aneb-bez-ceho-to-nejde\/\" class=\"more-link\"><span class=\"more-button\">P\u0159e\u010d\u00edst<span class=\"screen-reader-text\">Dan\u011b aneb bez \u010deho to nejde<\/span><\/span><\/a>","datePublished":"2023-06-21","dateModified":"2024-06-24","author":{"@type":"Person","@id":"https:\/\/www.rasheeba.cz\/author\/#Person","name":"","url":"https:\/\/www.rasheeba.cz\/author\/","identifier":1,"image":{"@type":"ImageObject","@id":"https:\/\/secure.gravatar.com\/avatar\/c065076eb86551fdb70725c8063acf1b60a8edaed14ed654228c4cba13121c83?s=96&d=mm&r=g","url":"https:\/\/secure.gravatar.com\/avatar\/c065076eb86551fdb70725c8063acf1b60a8edaed14ed654228c4cba13121c83?s=96&d=mm&r=g","height":96,"width":96}},"publisher":{"@type":"Organization","name":"rasheeba.cz","logo":{"@type":"ImageObject","@id":"\/logo.png","url":"\/logo.png","width":600,"height":60}},"url":"https:\/\/www.rasheeba.cz\/dane-aneb-bez-ceho-to-nejde\/","wordCount":235,"articleBody":"Dan\u011b jsou velk\u00fdm stra\u0161\u00e1kem, jsou zdrojem velk\u00fdch obav pro mnoh\u00e9 podnikatele, p\u0159itom v\u0161ak se jako tenk\u00e1 \u010derven\u00e1 nit t\u00e1hnou \u010dinnost\u00ed ka\u017ed\u00e9 pr\u00e1vnick\u00e9 \u010di fyzick\u00e9 osoby. Bez nich, respektive bez jejich perfektn\u00edho a v\u010dasn\u00e9ho zpracov\u00e1n\u00ed, to prost\u011b nejde. Jednou z nej\u010dast\u011bji sklo\u0148ovan\u00fdch dan\u00ed je da\u0148 z p\u0159idan\u00e9 hodnoty, zkr\u00e1cen\u011b j\u00ed ozna\u010dujeme DPH. Jak je to vlastn\u011b s n\u00ed? Jak ji\u017e z n\u00e1zvu vypl\u00fdv\u00e1, je to p\u0159idan\u00e1 hodnota, jej\u00ed v\u00fd\u0161e se vypo\u010d\u00edt\u00e1 z \u010dist\u00e9ho zisku na dan\u00e9m v\u00fdrobku \u010di slu\u017eb\u011b. Plat\u00edme ji vlastn\u011b my v\u0161ichni, b\u011b\u017en\u00ed ob\u010dan\u00e9, kte\u0159\u00ed si jdeme koupit p\u00e1r bot \u010di knihu, m\u00fddlo i krmivo pro andulky. Ale v\u011bt\u0161inou si to neuv\u011bdomujeme. Kdo si to ale uv\u011bdomuje jsou podnikatelsk\u00e9 subjekty, kter\u00e9 jsou povinny tu od n\u00e1s p\u0159ijatou odv\u00e1d\u011bt p\u0159\u00edslu\u0161n\u00fdm \u00fa\u0159ad\u016fm. A v\u011bzte, \u017ee to rozhodn\u011b nen\u00ed jednoduch\u00e9.\tSpole\u010dn\u011b je zkrot\u00edmeA jak je to tedy s onou slavnou DPH? Kdy se plat\u00ed a jak se vypo\u010d\u00edt\u00e1 kolik platit? Sv\u011b\u0159te n\u00e1m veden\u00ed \u00fa\u010detnictv\u00ed Praha a v\u011bzte, \u017ee o t\u011bchto starostech ji\u017e nebudete ani v\u011bd\u011bt. Precizn\u011b a za dobrou cenu vy\u0159e\u0161\u00edme v\u0161echny tyto ot\u00e1zky.                                                                                                                                                                                                                                                                                                                                                                                        4.6\/5 - (9 votes)        "},{"@context":"https:\/\/schema.org\/","@type":"BreadcrumbList","itemListElement":[{"@type":"ListItem","position":1,"name":"Dan\u011b aneb bez \u010deho to nejde","item":"https:\/\/www.rasheeba.cz\/dane-aneb-bez-ceho-to-nejde\/#breadcrumbitem"}]}]